{"id":2861,"date":"2018-04-27T14:06:10","date_gmt":"2018-04-27T18:06:10","guid":{"rendered":"http:\/\/in-wheel.com\/?p=2634"},"modified":"2018-04-27T14:06:10","modified_gmt":"2018-04-27T18:06:10","slug":"vice-president-of-european-commission-on-elaphe","status":"publish","type":"post","link":"https:\/\/in-wheel.com\/sl\/news\/vice-president-of-european-commission-on-elaphe\/","title":{"rendered":"Vice-president of European Commission on Elaphe"},"content":{"rendered":"<p>Vice-president of the European Commission leading the Energy Union, Maro\u0161 \u0160ef\u010dovi\u010d, delivers uplifting speech at the largest European transport and energy conference, TEN-T Days. Emphasizes European high-technology achievements and exemplifies high-potential innovators in the region. <\/p>\n<p>\u00bbIt&#8217;s enough to look at cases like Elaphe, which is developing in-wheel electromagnetic motors. And I think that I saw them first time two years ago when I simply couldn\u2019t understand how can you put the engine into the wheel. And now it is actually the concept which is extremely promising for most of the e-vehicle and car manufacturers and simply Slovenia was one of the countries that developed this concept.\u00ab<\/p>\n<p>During his keynote at the conference on Energy transition as an opportunity for Slovenian economy, Commissioner \u0160ef\u010dovi\u010d spoke about ambition: \u00bbAnother reason for which I&#8217;m looking forward to your contribution is this country&#8217;s clean-tech spirit. It is quite remarkable how a country so small can be so innovative, creating so many business opportunities within the energy transition. \u00ab <\/p>\n<h2>Elaphe propulsion Technologies, which has spent the last 15 years pioneering in-wheel propulsion systems based on underlying physics concepts, devised as far back as the end of the 1980&#8217;s, revealed their vision of a propulsion platform for the next generation of mobility at the conference.<\/h2>\n<p> As the automotive world is morphing into a mobility world, new solutions such as Elaphe&#8217;s platform will play a key role in enabling new modes of transport, to harness newly found potential for system improvements across a number of industries.<\/p>\n<figure id=\"attachment_2636\" aria-describedby=\"caption-attachment-2636\" style=\"width: 750px\" class=\"wp-caption aligncenter\"><img decoding=\"async\" data-src=\"https:\/\/in-wheel.com\/media\/website\/2V1B7966-1024x683.jpg\" alt=\"EU Commissioner visits Elaphe\" width=\"750\" height=\"500\" class=\"size-large wp-image-2636 lazyload\" src=\"data:image\/svg+xml;base64,PHN2ZyB3aWR0aD0iMSIgaGVpZ2h0PSIxIiB4bWxucz0iaHR0cDovL3d3dy53My5vcmcvMjAwMC9zdmciPjwvc3ZnPg==\" style=\"--smush-placeholder-width: 750px; --smush-placeholder-aspect-ratio: 750\/500;\" \/><figcaption id=\"caption-attachment-2636\" class=\"wp-caption-text\">EU Commissioner for Transport, Violeta Bulc, visits the Elaphe propulsion platform display at TEN-T Days conference.<\/figcaption><\/figure>\n<p>Elaphe is focused on the future, to enable vehicle designers, and more importantly, mobility creators a fresh start with limitless possibilities. While the concept is far from new, Elaphe have brought the technology to a point where it&#8217;s being industrialized for mass production \u2013 making it commercially available to the industry in order to build on top of the platform.<\/p>","protected":false},"excerpt":{"rendered":"<p>&#8220;And now it [Elaphe&#8217;s platform] is actually the concept which is extremely promising for most of the e-vehicle and car manufacturers and simply Slovenia was one of the countries that developed this concept.\u00ab&#8221; said Maro\u0161 \u0160ef\u010dovi\u010d, vice-president of EU commission.<\/p>","protected":false},"author":1,"featured_media":0,"comment_status":"closed","ping_status":"closed","sticky":false,"template":"","format":"standard","meta":{"_acf_changed":false,"footnotes":""},"categories":[11],"tags":[],"class_list":["post-2861","post","type-post","status-publish","format-standard","hentry","category-news"],"acf":[],"yoast_head":"<!-- This site is optimized with the Yoast SEO plugin v26.7 - https:\/\/yoast.com\/wordpress\/plugins\/seo\/ -->\n<title>Vice-president of European Commission on Elaphe - Elaphe<\/title>\n<meta name=\"robots\" content=\"index, follow, max-snippet:-1, max-image-preview:large, max-video-preview:-1\" \/>\n<link rel=\"canonical\" href=\"https:\/\/in-wheel.com\/sl\/news\/vice-president-of-european-commission-on-elaphe\/\" \/>\n<meta property=\"og:locale\" content=\"sl_SI\" \/>\n<meta property=\"og:type\" content=\"article\" \/>\n<meta property=\"og:title\" content=\"Vice-president of European Commission on Elaphe - Elaphe\" \/>\n<meta property=\"og:description\" content=\"&quot;And now it [Elaphe&#039;s platform] is actually the concept which is extremely promising for most of the e-vehicle and car manufacturers and simply Slovenia was one of the countries that developed this concept.\u00ab&quot; said Maro\u0161 \u0160ef\u010dovi\u010d, vice-president of EU commission.\" \/>\n<meta property=\"og:url\" content=\"https:\/\/in-wheel.com\/sl\/news\/vice-president-of-european-commission-on-elaphe\/\" \/>\n<meta property=\"og:site_name\" content=\"Elaphe\" \/>\n<meta property=\"article:published_time\" content=\"2018-04-27T18:06:10+00:00\" \/>\n<meta property=\"og:image\" content=\"https:\/\/in-wheel.com\/wp-content\/uploads\/2018\/04\/IMG_8578.jpg\" \/>\n\t<meta property=\"og:image:width\" content=\"1620\" \/>\n\t<meta property=\"og:image:height\" content=\"1080\" \/>\n\t<meta property=\"og:image:type\" content=\"image\/jpeg\" \/>\n<meta name=\"author\" content=\"admin\" \/>\n<meta name=\"twitter:card\" content=\"summary_large_image\" \/>\n<meta name=\"twitter:label1\" content=\"Written by\" \/>\n\t<meta name=\"twitter:data1\" content=\"admin\" \/>\n\t<meta name=\"twitter:label2\" content=\"Est. reading time\" \/>\n\t<meta name=\"twitter:data2\" content=\"2 minuti\" \/>\n<script type=\"application\/ld+json\" class=\"yoast-schema-graph\">{\"@context\":\"https:\/\/schema.org\",\"@graph\":[{\"@type\":\"Article\",\"@id\":\"https:\/\/in-wheel.com\/news\/vice-president-of-european-commission-on-elaphe\/#article\",\"isPartOf\":{\"@id\":\"https:\/\/in-wheel.com\/news\/vice-president-of-european-commission-on-elaphe\/\"},\"author\":{\"name\":\"admin\",\"@id\":\"https:\/\/in-wheel.com\/en\/#\/schema\/person\/b2b0a7f64666765531dde32906fcebc6\"},\"headline\":\"Vice-president of European Commission on Elaphe\",\"datePublished\":\"2018-04-27T18:06:10+00:00\",\"mainEntityOfPage\":{\"@id\":\"https:\/\/in-wheel.com\/news\/vice-president-of-european-commission-on-elaphe\/\"},\"wordCount\":338,\"image\":{\"@id\":\"https:\/\/in-wheel.com\/news\/vice-president-of-european-commission-on-elaphe\/#primaryimage\"},\"thumbnailUrl\":\"https:\/\/in-wheel.com\/media\/website\/2V1B7966-1024x683.jpg\",\"articleSection\":[\"News\"],\"inLanguage\":\"sl-SI\"},{\"@type\":\"WebPage\",\"@id\":\"https:\/\/in-wheel.com\/news\/vice-president-of-european-commission-on-elaphe\/\",\"url\":\"https:\/\/in-wheel.com\/news\/vice-president-of-european-commission-on-elaphe\/\",\"name\":\"Vice-president of European Commission on Elaphe - Elaphe\",\"isPartOf\":{\"@id\":\"https:\/\/in-wheel.com\/en\/#website\"},\"primaryImageOfPage\":{\"@id\":\"https:\/\/in-wheel.com\/news\/vice-president-of-european-commission-on-elaphe\/#primaryimage\"},\"image\":{\"@id\":\"https:\/\/in-wheel.com\/news\/vice-president-of-european-commission-on-elaphe\/#primaryimage\"},\"thumbnailUrl\":\"https:\/\/in-wheel.com\/media\/website\/2V1B7966-1024x683.jpg\",\"datePublished\":\"2018-04-27T18:06:10+00:00\",\"author\":{\"@id\":\"https:\/\/in-wheel.com\/en\/#\/schema\/person\/b2b0a7f64666765531dde32906fcebc6\"},\"breadcrumb\":{\"@id\":\"https:\/\/in-wheel.com\/news\/vice-president-of-european-commission-on-elaphe\/#breadcrumb\"},\"inLanguage\":\"sl-SI\",\"potentialAction\":[{\"@type\":\"ReadAction\",\"target\":[\"https:\/\/in-wheel.com\/news\/vice-president-of-european-commission-on-elaphe\/\"]}]},{\"@type\":\"ImageObject\",\"inLanguage\":\"sl-SI\",\"@id\":\"https:\/\/in-wheel.com\/news\/vice-president-of-european-commission-on-elaphe\/#primaryimage\",\"url\":\"https:\/\/in-wheel.com\/media\/website\/2V1B7966-1024x683.jpg\",\"contentUrl\":\"https:\/\/in-wheel.com\/media\/website\/2V1B7966-1024x683.jpg\"},{\"@type\":\"BreadcrumbList\",\"@id\":\"https:\/\/in-wheel.com\/news\/vice-president-of-european-commission-on-elaphe\/#breadcrumb\",\"itemListElement\":[{\"@type\":\"ListItem\",\"position\":1,\"name\":\"Home\",\"item\":\"https:\/\/in-wheel.com\/\"},{\"@type\":\"ListItem\",\"position\":2,\"name\":\"Vice-president of European Commission on Elaphe\"}]},{\"@type\":\"WebSite\",\"@id\":\"https:\/\/in-wheel.com\/en\/#website\",\"url\":\"https:\/\/in-wheel.com\/en\/\",\"name\":\"Elaphe\",\"description\":\"Elaphe in-wheel electric motors\",\"potentialAction\":[{\"@type\":\"SearchAction\",\"target\":{\"@type\":\"EntryPoint\",\"urlTemplate\":\"https:\/\/in-wheel.com\/en\/?s={search_term_string}\"},\"query-input\":{\"@type\":\"PropertyValueSpecification\",\"valueRequired\":true,\"valueName\":\"search_term_string\"}}],\"inLanguage\":\"sl-SI\"},{\"@type\":\"Person\",\"@id\":\"https:\/\/in-wheel.com\/en\/#\/schema\/person\/b2b0a7f64666765531dde32906fcebc6\",\"name\":\"admin\",\"image\":{\"@type\":\"ImageObject\",\"inLanguage\":\"sl-SI\",\"@id\":\"https:\/\/in-wheel.com\/en\/#\/schema\/person\/image\/\",\"url\":\"https:\/\/secure.gravatar.com\/avatar\/88fbda0f9bf0be4d1edc9bc60e8a25baf729363d9b162c68562a0578d39a7d7a?s=96&d=mm&r=g\",\"contentUrl\":\"https:\/\/secure.gravatar.com\/avatar\/88fbda0f9bf0be4d1edc9bc60e8a25baf729363d9b162c68562a0578d39a7d7a?s=96&d=mm&r=g\",\"caption\":\"admin\"},\"url\":\"https:\/\/in-wheel.com\/sl\/author\/admin\/\"}]}<\/script>\n<!-- \/ Yoast SEO plugin. -->","yoast_head_json":{"title":"Vice-president of European Commission on Elaphe - Elaphe","robots":{"index":"index","follow":"follow","max-snippet":"max-snippet:-1","max-image-preview":"max-image-preview:large","max-video-preview":"max-video-preview:-1"},"canonical":"https:\/\/in-wheel.com\/sl\/news\/vice-president-of-european-commission-on-elaphe\/","og_locale":"sl_SI","og_type":"article","og_title":"Vice-president of European Commission on Elaphe - Elaphe","og_description":"\"And now it [Elaphe's platform] is actually the concept which is extremely promising for most of the e-vehicle and car manufacturers and simply Slovenia was one of the countries that developed this concept.\u00ab\" said Maro\u0161 \u0160ef\u010dovi\u010d, vice-president of EU commission.","og_url":"https:\/\/in-wheel.com\/sl\/news\/vice-president-of-european-commission-on-elaphe\/","og_site_name":"Elaphe","article_published_time":"2018-04-27T18:06:10+00:00","og_image":[{"width":1620,"height":1080,"url":"https:\/\/in-wheel.com\/wp-content\/uploads\/2018\/04\/IMG_8578.jpg","type":"image\/jpeg"}],"author":"admin","twitter_card":"summary_large_image","twitter_misc":{"Written by":"admin","Est. reading time":"2 minuti"},"schema":{"@context":"https:\/\/schema.org","@graph":[{"@type":"Article","@id":"https:\/\/in-wheel.com\/news\/vice-president-of-european-commission-on-elaphe\/#article","isPartOf":{"@id":"https:\/\/in-wheel.com\/news\/vice-president-of-european-commission-on-elaphe\/"},"author":{"name":"admin","@id":"https:\/\/in-wheel.com\/en\/#\/schema\/person\/b2b0a7f64666765531dde32906fcebc6"},"headline":"Vice-president of European Commission on Elaphe","datePublished":"2018-04-27T18:06:10+00:00","mainEntityOfPage":{"@id":"https:\/\/in-wheel.com\/news\/vice-president-of-european-commission-on-elaphe\/"},"wordCount":338,"image":{"@id":"https:\/\/in-wheel.com\/news\/vice-president-of-european-commission-on-elaphe\/#primaryimage"},"thumbnailUrl":"https:\/\/in-wheel.com\/media\/website\/2V1B7966-1024x683.jpg","articleSection":["News"],"inLanguage":"sl-SI"},{"@type":"WebPage","@id":"https:\/\/in-wheel.com\/news\/vice-president-of-european-commission-on-elaphe\/","url":"https:\/\/in-wheel.com\/news\/vice-president-of-european-commission-on-elaphe\/","name":"Vice-president of European Commission on Elaphe - Elaphe","isPartOf":{"@id":"https:\/\/in-wheel.com\/en\/#website"},"primaryImageOfPage":{"@id":"https:\/\/in-wheel.com\/news\/vice-president-of-european-commission-on-elaphe\/#primaryimage"},"image":{"@id":"https:\/\/in-wheel.com\/news\/vice-president-of-european-commission-on-elaphe\/#primaryimage"},"thumbnailUrl":"https:\/\/in-wheel.com\/media\/website\/2V1B7966-1024x683.jpg","datePublished":"2018-04-27T18:06:10+00:00","author":{"@id":"https:\/\/in-wheel.com\/en\/#\/schema\/person\/b2b0a7f64666765531dde32906fcebc6"},"breadcrumb":{"@id":"https:\/\/in-wheel.com\/news\/vice-president-of-european-commission-on-elaphe\/#breadcrumb"},"inLanguage":"sl-SI","potentialAction":[{"@type":"ReadAction","target":["https:\/\/in-wheel.com\/news\/vice-president-of-european-commission-on-elaphe\/"]}]},{"@type":"ImageObject","inLanguage":"sl-SI","@id":"https:\/\/in-wheel.com\/news\/vice-president-of-european-commission-on-elaphe\/#primaryimage","url":"https:\/\/in-wheel.com\/media\/website\/2V1B7966-1024x683.jpg","contentUrl":"https:\/\/in-wheel.com\/media\/website\/2V1B7966-1024x683.jpg"},{"@type":"BreadcrumbList","@id":"https:\/\/in-wheel.com\/news\/vice-president-of-european-commission-on-elaphe\/#breadcrumb","itemListElement":[{"@type":"ListItem","position":1,"name":"Home","item":"https:\/\/in-wheel.com\/"},{"@type":"ListItem","position":2,"name":"Vice-president of European Commission on Elaphe"}]},{"@type":"WebSite","@id":"https:\/\/in-wheel.com\/en\/#website","url":"https:\/\/in-wheel.com\/en\/","name":"Elaphe","description":"Elaphe in-wheel electric motors","potentialAction":[{"@type":"SearchAction","target":{"@type":"EntryPoint","urlTemplate":"https:\/\/in-wheel.com\/en\/?s={search_term_string}"},"query-input":{"@type":"PropertyValueSpecification","valueRequired":true,"valueName":"search_term_string"}}],"inLanguage":"sl-SI"},{"@type":"Person","@id":"https:\/\/in-wheel.com\/en\/#\/schema\/person\/b2b0a7f64666765531dde32906fcebc6","name":"admin","image":{"@type":"ImageObject","inLanguage":"sl-SI","@id":"https:\/\/in-wheel.com\/en\/#\/schema\/person\/image\/","url":"https:\/\/secure.gravatar.com\/avatar\/88fbda0f9bf0be4d1edc9bc60e8a25baf729363d9b162c68562a0578d39a7d7a?s=96&d=mm&r=g","contentUrl":"https:\/\/secure.gravatar.com\/avatar\/88fbda0f9bf0be4d1edc9bc60e8a25baf729363d9b162c68562a0578d39a7d7a?s=96&d=mm&r=g","caption":"admin"},"url":"https:\/\/in-wheel.com\/sl\/author\/admin\/"}]}},"_links":{"self":[{"href":"https:\/\/in-wheel.com\/sl\/wp-json\/wp\/v2\/posts\/2861","targetHints":{"allow":["GET"]}}],"collection":[{"href":"https:\/\/in-wheel.com\/sl\/wp-json\/wp\/v2\/posts"}],"about":[{"href":"https:\/\/in-wheel.com\/sl\/wp-json\/wp\/v2\/types\/post"}],"author":[{"embeddable":true,"href":"https:\/\/in-wheel.com\/sl\/wp-json\/wp\/v2\/users\/1"}],"replies":[{"embeddable":true,"href":"https:\/\/in-wheel.com\/sl\/wp-json\/wp\/v2\/comments?post=2861"}],"version-history":[{"count":0,"href":"https:\/\/in-wheel.com\/sl\/wp-json\/wp\/v2\/posts\/2861\/revisions"}],"wp:attachment":[{"href":"https:\/\/in-wheel.com\/sl\/wp-json\/wp\/v2\/media?parent=2861"}],"wp:term":[{"taxonomy":"category","embeddable":true,"href":"https:\/\/in-wheel.com\/sl\/wp-json\/wp\/v2\/categories?post=2861"},{"taxonomy":"post_tag","embeddable":true,"href":"https:\/\/in-wheel.com\/sl\/wp-json\/wp\/v2\/tags?post=2861"}],"curies":[{"name":"wp","href":"https:\/\/api.w.org\/{rel}","templated":true}]}}